{"id":368,"date":"2023-01-16T11:19:59","date_gmt":"2023-01-16T10:19:59","guid":{"rendered":"https:\/\/aucoeurducouple.com\/?p=368"},"modified":"2023-02-27T14:58:18","modified_gmt":"2023-02-27T13:58:18","slug":"le-feminin-et-le-masculin-sacre","status":"publish","type":"post","link":"https:\/\/lecoeurducouple.fr\/index.php\/2023\/01\/16\/le-feminin-et-le-masculin-sacre\/","title":{"rendered":"Le f\u00e9minin et le masculin sacr\u00e9"},"content":{"rendered":"\t\t<div data-elementor-type=\"wp-post\" data-elementor-id=\"368\" class=\"elementor elementor-368\">\n\t\t\t\t\t\t<section class=\"elementor-section elementor-top-section elementor-element elementor-element-304404e elementor-section-boxed elementor-section-height-default elementor-section-height-default\" data-id=\"304404e\" data-element_type=\"section\" data-e-type=\"section\" data-settings=\"{&quot;background_background&quot;:&quot;classic&quot;}\">\n\t\t\t\t\t\t<div class=\"elementor-container elementor-column-gap-wide\">\n\t\t\t\t\t<div class=\"elementor-column elementor-col-100 elementor-top-column elementor-element elementor-element-7cea146\" data-id=\"7cea146\" data-element_type=\"column\" data-e-type=\"column\">\n\t\t\t<div class=\"elementor-widget-wrap elementor-element-populated\">\n\t\t\t\t\t\t<div class=\"elementor-element elementor-element-c6d0189 elementor-widget elementor-widget-spacer\" data-id=\"c6d0189\" data-element_type=\"widget\" data-e-type=\"widget\" data-widget_type=\"spacer.default\">\n\t\t\t\t<div class=\"elementor-widget-container\">\n\t\t\t\t\t\t\t<div class=\"elementor-spacer\">\n\t\t\t<div class=\"elementor-spacer-inner\"><\/div>\n\t\t<\/div>\n\t\t\t\t\t\t<\/div>\n\t\t\t\t<\/div>\n\t\t\t\t<div class=\"elementor-element elementor-element-7f89622 elementor-widget elementor-widget-heading\" data-id=\"7f89622\" data-element_type=\"widget\" data-e-type=\"widget\" data-widget_type=\"heading.default\">\n\t\t\t\t<div class=\"elementor-widget-container\">\n\t\t\t\t\t<h2 class=\"elementor-heading-title elementor-size-default\">Le f\u00e9minin et le masculin Sacr\u00e9<\/h2>\t\t\t\t<\/div>\n\t\t\t\t<\/div>\n\t\t\t\t\t<\/div>\n\t\t<\/div>\n\t\t\t\t\t<\/div>\n\t\t<\/section>\n\t\t\t\t<section class=\"elementor-section elementor-top-section elementor-element elementor-element-7a49ab4 elementor-section-boxed elementor-section-height-default elementor-section-height-default\" data-id=\"7a49ab4\" data-element_type=\"section\" data-e-type=\"section\" data-settings=\"{&quot;background_background&quot;:&quot;classic&quot;}\">\n\t\t\t\t\t\t<div class=\"elementor-container elementor-column-gap-wide\">\n\t\t\t\t\t<div class=\"elementor-column elementor-col-100 elementor-top-column elementor-element elementor-element-639194c\" data-id=\"639194c\" data-element_type=\"column\" data-e-type=\"column\">\n\t\t\t<div class=\"elementor-widget-wrap elementor-element-populated\">\n\t\t\t\t\t\t<div class=\"elementor-element elementor-element-ebb14b8 elementor-widget elementor-widget-spacer\" data-id=\"ebb14b8\" data-element_type=\"widget\" data-e-type=\"widget\" data-widget_type=\"spacer.default\">\n\t\t\t\t<div class=\"elementor-widget-container\">\n\t\t\t\t\t\t\t<div class=\"elementor-spacer\">\n\t\t\t<div class=\"elementor-spacer-inner\"><\/div>\n\t\t<\/div>\n\t\t\t\t\t\t<\/div>\n\t\t\t\t<\/div>\n\t\t\t\t\t<\/div>\n\t\t<\/div>\n\t\t\t\t\t<\/div>\n\t\t<\/section>\n\t\t\t\t<section class=\"elementor-section elementor-top-section elementor-element elementor-element-9d9e6af elementor-section-boxed elementor-section-height-default elementor-section-height-default\" data-id=\"9d9e6af\" data-element_type=\"section\" data-e-type=\"section\" data-settings=\"{&quot;background_background&quot;:&quot;classic&quot;}\">\n\t\t\t\t\t\t<div class=\"elementor-container elementor-column-gap-wide\">\n\t\t\t\t\t<div class=\"elementor-column elementor-col-50 elementor-top-column elementor-element elementor-element-fdc2d88\" data-id=\"fdc2d88\" data-element_type=\"column\" data-e-type=\"column\">\n\t\t\t<div class=\"elementor-widget-wrap elementor-element-populated\">\n\t\t\t\t\t\t<div class=\"elementor-element elementor-element-78a7fdf elementor-widget elementor-widget-spacer\" data-id=\"78a7fdf\" data-element_type=\"widget\" data-e-type=\"widget\" data-widget_type=\"spacer.default\">\n\t\t\t\t<div class=\"elementor-widget-container\">\n\t\t\t\t\t\t\t<div class=\"elementor-spacer\">\n\t\t\t<div class=\"elementor-spacer-inner\"><\/div>\n\t\t<\/div>\n\t\t\t\t\t\t<\/div>\n\t\t\t\t<\/div>\n\t\t\t\t<div class=\"elementor-element elementor-element-5b8e5c7 elementor-widget elementor-widget-image\" data-id=\"5b8e5c7\" data-element_type=\"widget\" data-e-type=\"widget\" data-widget_type=\"image.default\">\n\t\t\t\t<div class=\"elementor-widget-container\">\n\t\t\t\t\t\t\t\t\t\t\t\t\t\t\t<img fetchpriority=\"high\" decoding=\"async\" width=\"400\" height=\"300\" src=\"https:\/\/lecoeurducouple.fr\/wp-content\/uploads\/2023\/01\/cvvbb.jpg\" class=\"attachment-full size-full wp-image-254\" alt=\"le feminin et masculin sacr\u00e9\" srcset=\"https:\/\/lecoeurducouple.fr\/wp-content\/uploads\/2023\/01\/cvvbb.jpg 400w, https:\/\/lecoeurducouple.fr\/wp-content\/uploads\/2023\/01\/cvvbb-300x225.jpg 300w\" sizes=\"(max-width: 400px) 100vw, 400px\" \/>\t\t\t\t\t\t\t\t\t\t\t\t\t\t\t<\/div>\n\t\t\t\t<\/div>\n\t\t\t\t\t<\/div>\n\t\t<\/div>\n\t\t\t\t<div class=\"elementor-column elementor-col-50 elementor-top-column elementor-element elementor-element-0a33320\" data-id=\"0a33320\" data-element_type=\"column\" data-e-type=\"column\">\n\t\t\t<div class=\"elementor-widget-wrap elementor-element-populated\">\n\t\t\t\t\t\t<div class=\"elementor-element elementor-element-28be486 elementor-widget elementor-widget-spacer\" data-id=\"28be486\" data-element_type=\"widget\" data-e-type=\"widget\" data-widget_type=\"spacer.default\">\n\t\t\t\t<div class=\"elementor-widget-container\">\n\t\t\t\t\t\t\t<div class=\"elementor-spacer\">\n\t\t\t<div class=\"elementor-spacer-inner\"><\/div>\n\t\t<\/div>\n\t\t\t\t\t\t<\/div>\n\t\t\t\t<\/div>\n\t\t\t\t<div class=\"elementor-element elementor-element-7737a18 elementor-widget elementor-widget-heading\" data-id=\"7737a18\" data-element_type=\"widget\" data-e-type=\"widget\" data-widget_type=\"heading.default\">\n\t\t\t\t<div class=\"elementor-widget-container\">\n\t\t\t\t\t<h2 class=\"elementor-heading-title elementor-size-default\">le masculin Sacr\u00e9<\/h2>\t\t\t\t<\/div>\n\t\t\t\t<\/div>\n\t\t\t\t<div class=\"elementor-element elementor-element-1a84429 elementor-widget elementor-widget-text-editor\" data-id=\"1a84429\" data-element_type=\"widget\" data-e-type=\"widget\" data-widget_type=\"text-editor.default\">\n\t\t\t\t<div class=\"elementor-widget-container\">\n\t\t\t\t\t\t\t\t\t<p>Le f\u00e9minin et masculin sacr\u00e9<\/p><p>Les qualit\u00e9s du masculin en chaque personne<br \/>1. Logique et cart\u00e9sien <br \/>2. Dans l\u2019action <br \/>3. D\u00e9cid\u00e9 <br \/>4. Rapidit\u00e9 <br \/>5. Risque <br \/>6. Audace <br \/>7. Force <br \/>8. Focus <br \/>9. Cr\u00e9ation<br \/>10. Affirmation de soi<br \/>11. Survie <br \/>12. Pers\u00e9v\u00e9rance <br \/>13. Ax\u00e9 sur la t\u00e2che et le r\u00e9sultat <br \/>14. Ambition <br \/>15. Pouvoir<br \/>16. Conqu\u00eate <br \/>17. Comp\u00e9tition <br \/>18. Combativit\u00e9<br \/>19. Survie <br \/>20. Strat\u00e9gie<\/p>\t\t\t\t\t\t\t\t<\/div>\n\t\t\t\t<\/div>\n\t\t\t\t\t<\/div>\n\t\t<\/div>\n\t\t\t\t\t<\/div>\n\t\t<\/section>\n\t\t\t\t<section class=\"elementor-section elementor-top-section elementor-element elementor-element-be8db53 elementor-section-boxed elementor-section-height-default elementor-section-height-default\" data-id=\"be8db53\" data-element_type=\"section\" data-e-type=\"section\" data-settings=\"{&quot;background_background&quot;:&quot;classic&quot;}\">\n\t\t\t\t\t\t<div class=\"elementor-container elementor-column-gap-wide\">\n\t\t\t\t\t<div class=\"elementor-column elementor-col-100 elementor-top-column elementor-element elementor-element-54ceabe\" data-id=\"54ceabe\" data-element_type=\"column\" data-e-type=\"column\">\n\t\t\t<div class=\"elementor-widget-wrap elementor-element-populated\">\n\t\t\t\t\t\t<div class=\"elementor-element elementor-element-4d32127 elementor-widget elementor-widget-text-editor\" data-id=\"4d32127\" data-element_type=\"widget\" data-e-type=\"widget\" data-widget_type=\"text-editor.default\">\n\t\t\t\t<div class=\"elementor-widget-container\">\n\t\t\t\t\t\t\t\t\t<p>Comme vous pouvez le voir, le Masculin Sacr\u00e9, repr\u00e9sente l\u2019action, le mouvement, la cr\u00e9ativit\u00e9, la puissance. C\u2019est l\u2019homme qui refuse tous ses conditionnements et qui a le courage d\u2019\u00eatre lui-m\u00eame, et d\u2019incarner les \u00ab vraies \u00bb qualit\u00e9s propres au Masculin, telles que : &#8211; La responsabilit\u00e9, la force alli\u00e9e \u00e0 la douceur quand il le faut,<br \/>&#8211; L\u2019action, le pouvoir de concentration, la paternit\u00e9, la g\u00e9n\u00e9rosit\u00e9, <br \/>&#8211; L\u2019encouragement, l\u2019abondance mat\u00e9rielle, la clart\u00e9, l\u2019intellect, <br \/>&#8211; L\u2019autorit\u00e9, la recherche d\u2019\u00e9volution,<br \/>&#8211; La protection des plus faibles que lui physiquement (femmes, enfants, animaux et autres hommes en difficult\u00e9),<br \/>&#8211; L\u2019utilisation de sa force pour faire le bien et pour prot\u00e9ger, et non pour dominer et d\u00e9truire.<br \/><br \/><\/p><p>Quels sont les c\u00f4t\u00e9s sombres de la masculinit\u00e9 ?<br \/>\u2022 La recherche de pouvoir et de contr\u00f4le (quitte \u00e0 tuer, \u00e9craser, dominer, utiliser, blesser autrui).<br \/>\u2022 La course apr\u00e8s l\u2019argent (qui n\u2019est en fait que le r\u00e9sultat du premier point, la recherche de pouvoir)<br \/>\u2022 La recherche de \u00ab statut \u00bb dans la soci\u00e9t\u00e9 (acc\u00e9der \u00e0 un poste \u00ab \u00e9lev\u00e9 \u00bb pour plus de contr\u00f4le)<br \/>\u2022 Fa\u00e7on de penser \u00ab verticale \u00bb (se comparer aux autres et penser que l\u2019on est mieux ou plus important que quelqu\u2019un d\u2019autre)<br \/>\u2022 Refouler ses peurs et les masquer<br \/>\u2022 Ne pas montrer ses \u00e9motions car consid\u00e9r\u00e9es comme un signe de faiblesse<br \/>\u2022 Machisme et misogynie. Contr\u00f4l\u00e9 par sa sexualit\u00e9<br \/>\u2022 D\u00e9connect\u00e9 de son c\u0153ur Gouvern\u00e9 par son \u00e9go<br \/>\u2022 Ne se pr\u00e9occupe pas des futures g\u00e9n\u00e9rations, de son impact sur le monde<br \/>\u2022 Consid\u00e8re que tout ce qu\u2019il peut dominer est \u00e0 sa disposition sur Terre (femmes, animaux, autres hommes, ressources\u2026)<\/p>\t\t\t\t\t\t\t\t<\/div>\n\t\t\t\t<\/div>\n\t\t\t\t<div class=\"elementor-element elementor-element-b1cb011 elementor-widget elementor-widget-spacer\" data-id=\"b1cb011\" data-element_type=\"widget\" data-e-type=\"widget\" data-widget_type=\"spacer.default\">\n\t\t\t\t<div class=\"elementor-widget-container\">\n\t\t\t\t\t\t\t<div class=\"elementor-spacer\">\n\t\t\t<div class=\"elementor-spacer-inner\"><\/div>\n\t\t<\/div>\n\t\t\t\t\t\t<\/div>\n\t\t\t\t<\/div>\n\t\t\t\t\t<\/div>\n\t\t<\/div>\n\t\t\t\t\t<\/div>\n\t\t<\/section>\n\t\t\t\t<section class=\"elementor-section elementor-top-section elementor-element elementor-element-d42b9a0 elementor-section-boxed elementor-section-height-default elementor-section-height-default\" data-id=\"d42b9a0\" data-element_type=\"section\" data-e-type=\"section\" data-settings=\"{&quot;background_background&quot;:&quot;classic&quot;}\">\n\t\t\t\t\t\t<div class=\"elementor-container elementor-column-gap-default\">\n\t\t\t\t\t<div class=\"elementor-column elementor-col-50 elementor-top-column elementor-element elementor-element-7a9f462\" data-id=\"7a9f462\" data-element_type=\"column\" data-e-type=\"column\">\n\t\t\t<div class=\"elementor-widget-wrap elementor-element-populated\">\n\t\t\t\t\t\t<div class=\"elementor-element elementor-element-8b0ccfc elementor-widget elementor-widget-spacer\" data-id=\"8b0ccfc\" data-element_type=\"widget\" data-e-type=\"widget\" data-widget_type=\"spacer.default\">\n\t\t\t\t<div class=\"elementor-widget-container\">\n\t\t\t\t\t\t\t<div class=\"elementor-spacer\">\n\t\t\t<div class=\"elementor-spacer-inner\"><\/div>\n\t\t<\/div>\n\t\t\t\t\t\t<\/div>\n\t\t\t\t<\/div>\n\t\t\t\t<div class=\"elementor-element elementor-element-6ff4824 elementor-widget elementor-widget-heading\" data-id=\"6ff4824\" data-element_type=\"widget\" data-e-type=\"widget\" data-widget_type=\"heading.default\">\n\t\t\t\t<div class=\"elementor-widget-container\">\n\t\t\t\t\t<h2 class=\"elementor-heading-title elementor-size-default\">le f\u00e9minin Sacr\u00e9<\/h2>\t\t\t\t<\/div>\n\t\t\t\t<\/div>\n\t\t\t\t<div class=\"elementor-element elementor-element-d58027f elementor-widget elementor-widget-text-editor\" data-id=\"d58027f\" data-element_type=\"widget\" data-e-type=\"widget\" data-widget_type=\"text-editor.default\">\n\t\t\t\t<div class=\"elementor-widget-container\">\n\t\t\t\t\t\t\t\t\t<p>Les qualit\u00e9s du f\u00e9minin en chaque personne<br \/>1. Intuition<br \/>2. Imagination \u2013 R\u00eaver<br \/>3. Calme<br \/>4. Patience<br \/>5. Douceur<br \/>6. Harmonie<br \/>7. Int\u00e9grit\u00e9 <br \/>8. R\u00e9flexion <br \/>9. Introspection <br \/>10. \u00c9coute <br \/>11. Silence <br \/>12. Confiance <br \/>13. Cr\u00e9ativit\u00e9 <br \/>14. Amour inconditionnel <br \/>15. Non-jugement <br \/>16. Compassion <br \/>17. Vuln\u00e9rabilit\u00e9 <br \/>18. Communication des \u00e9motions<br \/>19. Pardon <br \/>20. Gu\u00e9rison<br \/>21. Soins <br \/>22. Courage<\/p>\t\t\t\t\t\t\t\t<\/div>\n\t\t\t\t<\/div>\n\t\t\t\t\t<\/div>\n\t\t<\/div>\n\t\t\t\t<div class=\"elementor-column elementor-col-50 elementor-top-column elementor-element elementor-element-0d73d00\" data-id=\"0d73d00\" data-element_type=\"column\" data-e-type=\"column\">\n\t\t\t<div class=\"elementor-widget-wrap elementor-element-populated\">\n\t\t\t\t\t\t<div class=\"elementor-element elementor-element-d426d4a elementor-widget elementor-widget-spacer\" data-id=\"d426d4a\" data-element_type=\"widget\" data-e-type=\"widget\" data-widget_type=\"spacer.default\">\n\t\t\t\t<div class=\"elementor-widget-container\">\n\t\t\t\t\t\t\t<div class=\"elementor-spacer\">\n\t\t\t<div class=\"elementor-spacer-inner\"><\/div>\n\t\t<\/div>\n\t\t\t\t\t\t<\/div>\n\t\t\t\t<\/div>\n\t\t\t\t<div class=\"elementor-element elementor-element-6b9dce8 elementor-widget elementor-widget-image\" data-id=\"6b9dce8\" data-element_type=\"widget\" data-e-type=\"widget\" data-widget_type=\"image.default\">\n\t\t\t\t<div class=\"elementor-widget-container\">\n\t\t\t\t\t\t\t\t\t\t\t\t\t\t\t<img decoding=\"async\" src=\"https:\/\/lecoeurducouple.fr\/wp-content\/uploads\/2023\/01\/pexels-mauro-savoca-6255174-scaled.jpg\" title=\"mains serr\u00e9es\" alt=\"mains serr\u00e9es\" loading=\"lazy\" \/>\t\t\t\t\t\t\t\t\t\t\t\t\t\t\t<\/div>\n\t\t\t\t<\/div>\n\t\t\t\t\t<\/div>\n\t\t<\/div>\n\t\t\t\t\t<\/div>\n\t\t<\/section>\n\t\t\t\t<section class=\"elementor-section elementor-top-section elementor-element elementor-element-1125e81 elementor-section-boxed elementor-section-height-default elementor-section-height-default\" data-id=\"1125e81\" data-element_type=\"section\" data-e-type=\"section\" data-settings=\"{&quot;background_background&quot;:&quot;classic&quot;}\">\n\t\t\t\t\t\t<div class=\"elementor-container elementor-column-gap-default\">\n\t\t\t\t\t<div class=\"elementor-column elementor-col-100 elementor-top-column elementor-element elementor-element-df17a75\" data-id=\"df17a75\" data-element_type=\"column\" data-e-type=\"column\">\n\t\t\t<div class=\"elementor-widget-wrap elementor-element-populated\">\n\t\t\t\t\t\t<div class=\"elementor-element elementor-element-f562cac elementor-widget elementor-widget-text-editor\" data-id=\"f562cac\" data-element_type=\"widget\" data-e-type=\"widget\" data-widget_type=\"text-editor.default\">\n\t\t\t\t<div class=\"elementor-widget-container\">\n\t\t\t\t\t\t\t\t\t<p>\u00a0<\/p><p>Comme vous pouvez le voir, l\u2019\u00e9nergie f\u00e9minine repr\u00e9sente la r\u00e9ception, l\u2019accueil, l\u2019ordre, le non jugement, l\u2019amour. C\u2019est aussi l\u2019intuition, la conscience,\u00a0 la Beaut\u00e9, la compassion, la sensibilit\u00e9, l\u2019\u00e9coute, l\u2019empathie, la douceur, l\u2019intelligence \u00e9motionnelle, la sensualit\u00e9, la recherche de l\u2019harmonie, la capacit\u00e9 \u00e0 soigner, \u00e0 prendre soin de, \u00e0 s\u2019occuper des autres.\u00a0<\/p><p>D\u00e9veloppement :<\/p><p>1) Elle a compris que sa valeur n\u2019avait rien \u00e0 voir avec sa sexualit\u00e9<\/p><p>La femme qui n\u2019est pas dans son f\u00e9minin sacr\u00e9 pense que sa valeur ne r\u00e9side que dans ce qui se \u201cvoit\u201d \u00e0 l\u2019ext\u00e9rieur, son physique, sa popularit\u00e9, la mode, son succ\u00e8s et son argent ou celui de son partenaire. Elle se doit en permanence de plaire sinon elle a l\u2019impression de ne pas exister<\/p><p>La femme qui est dans son f\u00e9minin sacr\u00e9 a compris qu\u2019elle seule pouvait se d\u00e9finir et d\u00e9sire \u00eatre libre<\/p><p>2) Elle ne souhaite pas \u00eatre en comp\u00e9tition avec les autres femmes<\/p><p>La femme qui n\u2019est pas dans son f\u00e9minin sacr\u00e9 est dans la comp\u00e9tition permanente avec les autres femmes,\u00a0 en particulier si des hommes sont en jeu.<\/p><p>\u00a0La femme qui est dans son f\u00e9minin sacr\u00e9 ne souhaite pas \u00eatre en comp\u00e9tition avec les autres femmes, mais est au contraire tourn\u00e9e vers le fait de les aider et de les soutenir. Elle n\u2019h\u00e9site pas \u00e0 partager ses vuln\u00e9rabilit\u00e9s pour encourager les autres femmes \u00e0 faire de m\u00eame.<\/p><p>3) Elle ne rejette pas ses qualit\u00e9s f\u00e9minines par peur de perdre son pouvoir et au contraire les cultive<\/p><p>La femme qui n\u2019est pas dans son f\u00e9minin sacr\u00e9 pense que pour se faire respecter, elle doit devenir comme les hommes, et donc par cons\u00e9quent rejette volontairement toute qualit\u00e9 de son essence f\u00e9minine. Soit elle rejette m\u00eame toute forme de f\u00e9minit\u00e9 physique<\/p><p>La femme qui est dans son f\u00e9minin sacr\u00e9 cultive ses qualit\u00e9s f\u00e9minines qui font son essence m\u00eame. L\u2019\u00e9nergie f\u00e9minine comporte, entre autres, les qualit\u00e9s suivantes : la compassion, la sensibilit\u00e9, l\u2019\u00e9coute, l\u2019empathie, la douceur, l\u2019intelligence \u00e9motionnelle, la sensualit\u00e9, la recherche de l\u2019harmonie, la cr\u00e9ativit\u00e9, la capacit\u00e9 \u00e0 soigner, \u00e0 prendre soin de, \u00e0 s\u2019occuper des autres. Elle est fi\u00e8re de ces qualit\u00e9s et ne cherche pas \u00e0 les rejeter.\u00a0<\/p><p>4) Elle se pr\u00e9occupe de son impact sur le Monde<\/p><p>La femme qui n\u2019est pas dans son f\u00e9minin sacr\u00e9 ne se pr\u00e9occupe pas de l\u2019impact n\u00e9gatif qu\u2019elle pourrait avoir sur les hommes, sur les autres femmes, sur les enfants, et sur le monde. Elle vit au jour le jour et ne recherche que la validation ext\u00e9rieure et la gratification instantan\u00e9e. Elle ne pense pas aux cons\u00e9quences de ses actes,<\/p><p>La femme qui est dans son f\u00e9minin sacr\u00e9, a compris le pouvoir de son \u00e9nergie f\u00e9minine, son pouvoir gu\u00e9risseur, son pouvoir de transformation aupr\u00e8s des hommes, et donc son pouvoir de transformation du Monde. Elle a compris que c\u2019est uniquement avec l\u2019Amour, l\u2019\u00e9coute, la compassion, et l\u2019empathie, que l\u2019Homme pourra \u00e9voluer, et ainsi, le Monde. Elle a des valeurs, est int\u00e8gre et incorruptible.\u00a0<\/p><p>6) Elle recherche l\u2019alliance avec le masculin sacr\u00e9 et a compris le but spirituel des relations amoureuses<\/p><p>La femme qui n\u2019est pas dans son f\u00e9minin sacr\u00e9, est attir\u00e9e par les hommes qui ne sont pas dans leur masculin sacr\u00e9. Puisqu\u2019elle ne se respecte pas elle-m\u00eame, elle n\u2019attire \u00e0 elle que des relations avec des hommes qui ne la respectent pas non plus.\u00a0<\/p><p>La femme qui est dans son f\u00e9minin sacr\u00e9 a une vision tr\u00e8s pr\u00e9cise de l\u2019homme qu\u2019elle veut \u00e0 ses c\u00f4t\u00e9s, et n\u2019est pas d\u2019accord pour se rabaisser \u00e0 accepter moins que ce qu\u2019elle m\u00e9rite. Dans l\u2019absolu, elle n\u2019a besoin de personne pour se sentir compl\u00e8te, elle a ses propres passions, son propre monde, mais dans sa parfaite harmonie int\u00e9rieure, elle souhaite s\u2019allier \u00e0 l\u2019\u00e9nergie masculine sacr\u00e9e, afin de donner naissance \u00e0 une union puissante entre deux \u00eatres tous deux d\u00e9sireux de monter l\u2019autre vers le haut, vers l\u2019\u00e9volution mutuelle et l\u2019extase physique, \u00e9motionnelle et spirituelle.<\/p><p>Remarques<\/p><p>La femme ne comprend pas pourquoi d\u2019un c\u00f4t\u00e9 on l\u2019encourage \u00e0 son hyper sexualisation, mais de l\u2019autre, d\u00e8s qu\u2019elle est en couple, l\u2019homme ne supporte plus qu\u2019elle le soit (tout en continuant \u00e0 l\u2019appr\u00e9cier chez les autres). La femme ne comprend pas et devient frustr\u00e9e : \u201cpourquoi mon homme aime-t-il chez les autres femmes ce qu\u2019il ne voudrait jamais que je sois ?\u201d, ce qui provoque de s\u00e9rieux troubles chez la femme, frustrations, malaises int\u00e9rieurs, troubles dans le couple, crises associ\u00e9es \u00e0 la \u201cjalousie\u201d alors qu\u2019en fait il ne s\u2019agit bien souvent que de ce m\u00eame probl\u00e8me : la femme ne sent pas honor\u00e9e comme elle le devrait, elle se sent bafou\u00e9e, elle ne sait plus qui elle doit \u00eatre, quand elle doit l\u2019\u00eatre, elle suffoque, comme tenue en laisse par le regard des autres et le mod\u00e8le de la soci\u00e9t\u00e9 qui lui a \u00e9t\u00e9 impos\u00e9e.<\/p><p>\u00a0Tant que la Femme agira en fonction de \u201cce qui plait\u201d, de \u201cce que les hommes veulent\u201d, de \u201cce que la soci\u00e9t\u00e9 veut\u201d, \u201cce qui est \u00e0 la mode\u201d, \u201cce que sa religion veut\u201d, \u201cce que son pays veut\u201d, elle sera en position de victime et souffrira.<\/p><p>Voici quelques questions pour faciliter votre r\u00e9flexion :<\/p><p>1. Que pensez-vous de ces comportements ? Douceur, compassion, \u00e9coute, introspection, ralentir, se d\u00e9poser, non-jugement, vuln\u00e9rabilit\u00e9, sensibilit\u00e9, pardon, expression de ses \u00e9motions. Comment vous sentez-vous en lisant ces mots ? Si une partie de vous juge fortement ces fa\u00e7ons d\u2019\u00eatre et de faire, votre masculin est plus dominant.<\/p><p>2. \u00c0 quel rythme naturel allez-vous dans votre vie ? Vous sentez-vous souvent \u00e0 la course et qu\u2019il faut faire vite dans diff\u00e9rentes sph\u00e8res de votre vie ? Votre masculin est plus dominant.<\/p><p>3. Avec quelle quantit\u00e9 de donn\u00e9es et de choses avez-vous l\u2019habitude de jongler ? Si vous \u00eates du genre \u00e0 avoir r\u00e9guli\u00e8rement besoin de la quantit\u00e9 pour vous sentir accompli et fier, votre masculin domine.<\/p><p>4. Combien de fois par semaine vous donnez-vous la priorit\u00e9 pour prendre r\u00e9ellement soin de vous ? Si vous ne valorisez pas le fait de prendre soin de vous, votre masculin domine.<\/p><p>5. Combien de fois la semaine vous entendez-vous vous juger, vous diminuer, vous d\u00e9valoriser, \u00eatre dur avec vous-m\u00eame et avoir de la difficult\u00e9 \u00e0 vous pardonner ? Si vous sentez que c\u2019est fr\u00e9quent, votre maman int\u00e9rieure a absolument besoin d\u2019espace pour venir jouer avec vous et ramener un \u00e9quilibre !<\/p><p>6. En observant votre vie en g\u00e9n\u00e9ral, sentez-vous que le f\u00e9minin l\u2019a emport\u00e9 ou le masculin ?<\/p><p>7. Si vous aviez \u00e0 int\u00e9grer davantage d\u2019\u00e9nergie f\u00e9minine positive dans votre vie, que choisiriez-vous et quelles en seraient les retomb\u00e9es ? Quelle serait une action \u00e0 poser pour d\u00e9marrer votre int\u00e9gration ?<\/p><p>8. Si vous aviez \u00e0 int\u00e9grer davantage d\u2019\u00e9nergie masculine positive dans votre vie, que choisiriez-vous et quelles en seraient les retomb\u00e9es ? Quelle serait une action \u00e0 poser pour d\u00e9marrer votre int\u00e9gration ?<\/p><p>\u00a0<\/p><p>Quels sont les c\u00f4t\u00e9s sombres de la f\u00e9minit\u00e9 ?<\/p><p>\u2022 N\u00e9gation de la magie<\/p><p>\u2022 Manipulation<\/p><p>\u2022 Jalousie entre femme<\/p><p>\u2022 Duret\u00e9<\/p><p>\u2022 Non \u00e9coute de soi<\/p><p>\u2022 Prostitution<\/p><p>\u2022 Perversion<\/p><p>\u2022 Soumission<\/p><p>\u2022 Mollesse<\/p><p>\u2022 Plainte<\/p><p>\u2022 indiff\u00e9rence<\/p><div>\u00a0<\/div>\t\t\t\t\t\t\t\t<\/div>\n\t\t\t\t<\/div>\n\t\t\t\t<div class=\"elementor-element elementor-element-b5ed442 elementor-widget elementor-widget-spacer\" data-id=\"b5ed442\" data-element_type=\"widget\" data-e-type=\"widget\" data-widget_type=\"spacer.default\">\n\t\t\t\t<div class=\"elementor-widget-container\">\n\t\t\t\t\t\t\t<div class=\"elementor-spacer\">\n\t\t\t<div class=\"elementor-spacer-inner\"><\/div>\n\t\t<\/div>\n\t\t\t\t\t\t<\/div>\n\t\t\t\t<\/div>\n\t\t\t\t\t<\/div>\n\t\t<\/div>\n\t\t\t\t\t<\/div>\n\t\t<\/section>\n\t\t\t\t<\/div>\n\t\t","protected":false},"excerpt":{"rendered":"<p>D\u00e9couvrez le contenu et les enjeux du masculin et du f\u00e9minin sacr\u00e9<\/p>\n","protected":false},"author":1,"featured_media":321,"comment_status":"open","ping_status":"open","sticky":false,"template":"","format":"standard","meta":{"footnotes":""},"categories":[38,37],"tags":[],"class_list":["post-368","post","type-post","status-publish","format-standard","has-post-thumbnail","hentry","category-celibataire","category-couple"],"yoast_head":"<!-- This site is optimized with the Yoast SEO plugin v27.5 - https:\/\/yoast.com\/product\/yoast-seo-wordpress\/ -->\n<title>Le f\u00e9minin et le masculin sacr\u00e9 - Le coeur du couple<\/title>\n<meta name=\"description\" content=\"Le f\u00e9minin et le masculin sacr\u00e9 - Un article du site au coeur du couple sp\u00e9cialiste de la relation de couple, th\u00e9rapie et stage\" \/>\n<meta name=\"robots\" content=\"index, follow, max-snippet:-1, max-image-preview:large, max-video-preview:-1\" \/>\n<link rel=\"canonical\" href=\"https:\/\/lecoeurducouple.fr\/index.php\/2023\/01\/16\/le-feminin-et-le-masculin-sacre\/\" \/>\n<meta property=\"og:locale\" content=\"fr_FR\" \/>\n<meta property=\"og:type\" content=\"article\" \/>\n<meta property=\"og:title\" content=\"Le f\u00e9minin et le masculin sacr\u00e9 - Le coeur du couple\" \/>\n<meta property=\"og:description\" content=\"Le f\u00e9minin et le masculin sacr\u00e9 - Un article du site au coeur du couple sp\u00e9cialiste de la relation de couple, th\u00e9rapie et stage\" \/>\n<meta property=\"og:url\" content=\"https:\/\/lecoeurducouple.fr\/index.php\/2023\/01\/16\/le-feminin-et-le-masculin-sacre\/\" \/>\n<meta property=\"og:site_name\" content=\"Le coeur du couple\" \/>\n<meta property=\"article:published_time\" content=\"2023-01-16T10:19:59+00:00\" \/>\n<meta property=\"article:modified_time\" content=\"2023-02-27T13:58:18+00:00\" \/>\n<meta property=\"og:image\" content=\"https:\/\/lecoeurducouple.fr\/wp-content\/uploads\/2023\/01\/pexels-vlada-karpovich-8940491-scaled.jpg\" \/>\n\t<meta property=\"og:image:width\" content=\"2560\" \/>\n\t<meta property=\"og:image:height\" content=\"1707\" \/>\n\t<meta property=\"og:image:type\" content=\"image\/jpeg\" \/>\n<meta name=\"author\" content=\"sandrinechristophe86\" \/>\n<meta name=\"twitter:card\" content=\"summary_large_image\" \/>\n<meta name=\"twitter:label1\" content=\"\u00c9crit par\" \/>\n\t<meta name=\"twitter:data1\" content=\"sandrinechristophe86\" \/>\n\t<meta name=\"twitter:label2\" content=\"Dur\u00e9e de lecture estim\u00e9e\" \/>\n\t<meta name=\"twitter:data2\" content=\"9 minutes\" \/>\n<script type=\"application\/ld+json\" class=\"yoast-schema-graph\">{\"@context\":\"https:\\\/\\\/schema.org\",\"@graph\":[{\"@type\":\"Article\",\"@id\":\"https:\\\/\\\/lecoeurducouple.fr\\\/index.php\\\/2023\\\/01\\\/16\\\/le-feminin-et-le-masculin-sacre\\\/#article\",\"isPartOf\":{\"@id\":\"https:\\\/\\\/lecoeurducouple.fr\\\/index.php\\\/2023\\\/01\\\/16\\\/le-feminin-et-le-masculin-sacre\\\/\"},\"author\":{\"name\":\"sandrinechristophe86\",\"@id\":\"https:\\\/\\\/lecoeurducouple.fr\\\/#\\\/schema\\\/person\\\/5010b56ea5f94836f1b20cafb146b3c0\"},\"headline\":\"Le f\u00e9minin et le masculin sacr\u00e9\",\"datePublished\":\"2023-01-16T10:19:59+00:00\",\"dateModified\":\"2023-02-27T13:58:18+00:00\",\"mainEntityOfPage\":{\"@id\":\"https:\\\/\\\/lecoeurducouple.fr\\\/index.php\\\/2023\\\/01\\\/16\\\/le-feminin-et-le-masculin-sacre\\\/\"},\"wordCount\":1683,\"commentCount\":0,\"publisher\":{\"@id\":\"https:\\\/\\\/lecoeurducouple.fr\\\/#organization\"},\"image\":{\"@id\":\"https:\\\/\\\/lecoeurducouple.fr\\\/index.php\\\/2023\\\/01\\\/16\\\/le-feminin-et-le-masculin-sacre\\\/#primaryimage\"},\"thumbnailUrl\":\"https:\\\/\\\/lecoeurducouple.fr\\\/wp-content\\\/uploads\\\/2023\\\/01\\\/pexels-vlada-karpovich-8940491-scaled.jpg\",\"articleSection\":[\"C\u00e9libataire\",\"Couple\"],\"inLanguage\":\"fr-FR\",\"potentialAction\":[{\"@type\":\"CommentAction\",\"name\":\"Comment\",\"target\":[\"https:\\\/\\\/lecoeurducouple.fr\\\/index.php\\\/2023\\\/01\\\/16\\\/le-feminin-et-le-masculin-sacre\\\/#respond\"]}]},{\"@type\":\"WebPage\",\"@id\":\"https:\\\/\\\/lecoeurducouple.fr\\\/index.php\\\/2023\\\/01\\\/16\\\/le-feminin-et-le-masculin-sacre\\\/\",\"url\":\"https:\\\/\\\/lecoeurducouple.fr\\\/index.php\\\/2023\\\/01\\\/16\\\/le-feminin-et-le-masculin-sacre\\\/\",\"name\":\"Le f\u00e9minin et le masculin sacr\u00e9 - Le coeur du couple\",\"isPartOf\":{\"@id\":\"https:\\\/\\\/lecoeurducouple.fr\\\/#website\"},\"primaryImageOfPage\":{\"@id\":\"https:\\\/\\\/lecoeurducouple.fr\\\/index.php\\\/2023\\\/01\\\/16\\\/le-feminin-et-le-masculin-sacre\\\/#primaryimage\"},\"image\":{\"@id\":\"https:\\\/\\\/lecoeurducouple.fr\\\/index.php\\\/2023\\\/01\\\/16\\\/le-feminin-et-le-masculin-sacre\\\/#primaryimage\"},\"thumbnailUrl\":\"https:\\\/\\\/lecoeurducouple.fr\\\/wp-content\\\/uploads\\\/2023\\\/01\\\/pexels-vlada-karpovich-8940491-scaled.jpg\",\"datePublished\":\"2023-01-16T10:19:59+00:00\",\"dateModified\":\"2023-02-27T13:58:18+00:00\",\"description\":\"Le f\u00e9minin et le masculin sacr\u00e9 - Un article du site au coeur du couple sp\u00e9cialiste de la relation de couple, th\u00e9rapie et stage\",\"breadcrumb\":{\"@id\":\"https:\\\/\\\/lecoeurducouple.fr\\\/index.php\\\/2023\\\/01\\\/16\\\/le-feminin-et-le-masculin-sacre\\\/#breadcrumb\"},\"inLanguage\":\"fr-FR\",\"potentialAction\":[{\"@type\":\"ReadAction\",\"target\":[\"https:\\\/\\\/lecoeurducouple.fr\\\/index.php\\\/2023\\\/01\\\/16\\\/le-feminin-et-le-masculin-sacre\\\/\"]}]},{\"@type\":\"ImageObject\",\"inLanguage\":\"fr-FR\",\"@id\":\"https:\\\/\\\/lecoeurducouple.fr\\\/index.php\\\/2023\\\/01\\\/16\\\/le-feminin-et-le-masculin-sacre\\\/#primaryimage\",\"url\":\"https:\\\/\\\/lecoeurducouple.fr\\\/wp-content\\\/uploads\\\/2023\\\/01\\\/pexels-vlada-karpovich-8940491-scaled.jpg\",\"contentUrl\":\"https:\\\/\\\/lecoeurducouple.fr\\\/wp-content\\\/uploads\\\/2023\\\/01\\\/pexels-vlada-karpovich-8940491-scaled.jpg\",\"width\":2560,\"height\":1707},{\"@type\":\"BreadcrumbList\",\"@id\":\"https:\\\/\\\/lecoeurducouple.fr\\\/index.php\\\/2023\\\/01\\\/16\\\/le-feminin-et-le-masculin-sacre\\\/#breadcrumb\",\"itemListElement\":[{\"@type\":\"ListItem\",\"position\":1,\"name\":\"Accueil\",\"item\":\"https:\\\/\\\/lecoeurducouple.fr\\\/\"},{\"@type\":\"ListItem\",\"position\":2,\"name\":\"Le f\u00e9minin et le masculin sacr\u00e9\"}]},{\"@type\":\"WebSite\",\"@id\":\"https:\\\/\\\/lecoeurducouple.fr\\\/#website\",\"url\":\"https:\\\/\\\/lecoeurducouple.fr\\\/\",\"name\":\"Le coeur du couple\",\"description\":\"\",\"publisher\":{\"@id\":\"https:\\\/\\\/lecoeurducouple.fr\\\/#organization\"},\"potentialAction\":[{\"@type\":\"SearchAction\",\"target\":{\"@type\":\"EntryPoint\",\"urlTemplate\":\"https:\\\/\\\/lecoeurducouple.fr\\\/?s={search_term_string}\"},\"query-input\":{\"@type\":\"PropertyValueSpecification\",\"valueRequired\":true,\"valueName\":\"search_term_string\"}}],\"inLanguage\":\"fr-FR\"},{\"@type\":\"Organization\",\"@id\":\"https:\\\/\\\/lecoeurducouple.fr\\\/#organization\",\"name\":\"Le coeur du couple\",\"url\":\"https:\\\/\\\/lecoeurducouple.fr\\\/\",\"logo\":{\"@type\":\"ImageObject\",\"inLanguage\":\"fr-FR\",\"@id\":\"https:\\\/\\\/lecoeurducouple.fr\\\/#\\\/schema\\\/logo\\\/image\\\/\",\"url\":\"https:\\\/\\\/lecoeurducouple.fr\\\/wp-content\\\/uploads\\\/2023\\\/01\\\/Fichier-2.png\",\"contentUrl\":\"https:\\\/\\\/lecoeurducouple.fr\\\/wp-content\\\/uploads\\\/2023\\\/01\\\/Fichier-2.png\",\"width\":1055,\"height\":1298,\"caption\":\"Le coeur du couple\"},\"image\":{\"@id\":\"https:\\\/\\\/lecoeurducouple.fr\\\/#\\\/schema\\\/logo\\\/image\\\/\"}},{\"@type\":\"Person\",\"@id\":\"https:\\\/\\\/lecoeurducouple.fr\\\/#\\\/schema\\\/person\\\/5010b56ea5f94836f1b20cafb146b3c0\",\"name\":\"sandrinechristophe86\",\"image\":{\"@type\":\"ImageObject\",\"inLanguage\":\"fr-FR\",\"@id\":\"https:\\\/\\\/secure.gravatar.com\\\/avatar\\\/f7327717a97962df51e65e0260f40df2e449f98981896357cf0d37920d8bc4ce?s=96&d=mm&r=g\",\"url\":\"https:\\\/\\\/secure.gravatar.com\\\/avatar\\\/f7327717a97962df51e65e0260f40df2e449f98981896357cf0d37920d8bc4ce?s=96&d=mm&r=g\",\"contentUrl\":\"https:\\\/\\\/secure.gravatar.com\\\/avatar\\\/f7327717a97962df51e65e0260f40df2e449f98981896357cf0d37920d8bc4ce?s=96&d=mm&r=g\",\"caption\":\"sandrinechristophe86\"},\"sameAs\":[\"https:\\\/\\\/lecoeurducouple.fr\"],\"url\":\"https:\\\/\\\/lecoeurducouple.fr\\\/index.php\\\/author\\\/sabinechristophe86\\\/\"}]}<\/script>\n<!-- \/ Yoast SEO plugin. -->","yoast_head_json":{"title":"Le f\u00e9minin et le masculin sacr\u00e9 - Le coeur du couple","description":"Le f\u00e9minin et le masculin sacr\u00e9 - Un article du site au coeur du couple sp\u00e9cialiste de la relation de couple, th\u00e9rapie et stage","robots":{"index":"index","follow":"follow","max-snippet":"max-snippet:-1","max-image-preview":"max-image-preview:large","max-video-preview":"max-video-preview:-1"},"canonical":"https:\/\/lecoeurducouple.fr\/index.php\/2023\/01\/16\/le-feminin-et-le-masculin-sacre\/","og_locale":"fr_FR","og_type":"article","og_title":"Le f\u00e9minin et le masculin sacr\u00e9 - Le coeur du couple","og_description":"Le f\u00e9minin et le masculin sacr\u00e9 - Un article du site au coeur du couple sp\u00e9cialiste de la relation de couple, th\u00e9rapie et stage","og_url":"https:\/\/lecoeurducouple.fr\/index.php\/2023\/01\/16\/le-feminin-et-le-masculin-sacre\/","og_site_name":"Le coeur du couple","article_published_time":"2023-01-16T10:19:59+00:00","article_modified_time":"2023-02-27T13:58:18+00:00","og_image":[{"width":2560,"height":1707,"url":"https:\/\/lecoeurducouple.fr\/wp-content\/uploads\/2023\/01\/pexels-vlada-karpovich-8940491-scaled.jpg","type":"image\/jpeg"}],"author":"sandrinechristophe86","twitter_card":"summary_large_image","twitter_misc":{"\u00c9crit par":"sandrinechristophe86","Dur\u00e9e de lecture estim\u00e9e":"9 minutes"},"schema":{"@context":"https:\/\/schema.org","@graph":[{"@type":"Article","@id":"https:\/\/lecoeurducouple.fr\/index.php\/2023\/01\/16\/le-feminin-et-le-masculin-sacre\/#article","isPartOf":{"@id":"https:\/\/lecoeurducouple.fr\/index.php\/2023\/01\/16\/le-feminin-et-le-masculin-sacre\/"},"author":{"name":"sandrinechristophe86","@id":"https:\/\/lecoeurducouple.fr\/#\/schema\/person\/5010b56ea5f94836f1b20cafb146b3c0"},"headline":"Le f\u00e9minin et le masculin sacr\u00e9","datePublished":"2023-01-16T10:19:59+00:00","dateModified":"2023-02-27T13:58:18+00:00","mainEntityOfPage":{"@id":"https:\/\/lecoeurducouple.fr\/index.php\/2023\/01\/16\/le-feminin-et-le-masculin-sacre\/"},"wordCount":1683,"commentCount":0,"publisher":{"@id":"https:\/\/lecoeurducouple.fr\/#organization"},"image":{"@id":"https:\/\/lecoeurducouple.fr\/index.php\/2023\/01\/16\/le-feminin-et-le-masculin-sacre\/#primaryimage"},"thumbnailUrl":"https:\/\/lecoeurducouple.fr\/wp-content\/uploads\/2023\/01\/pexels-vlada-karpovich-8940491-scaled.jpg","articleSection":["C\u00e9libataire","Couple"],"inLanguage":"fr-FR","potentialAction":[{"@type":"CommentAction","name":"Comment","target":["https:\/\/lecoeurducouple.fr\/index.php\/2023\/01\/16\/le-feminin-et-le-masculin-sacre\/#respond"]}]},{"@type":"WebPage","@id":"https:\/\/lecoeurducouple.fr\/index.php\/2023\/01\/16\/le-feminin-et-le-masculin-sacre\/","url":"https:\/\/lecoeurducouple.fr\/index.php\/2023\/01\/16\/le-feminin-et-le-masculin-sacre\/","name":"Le f\u00e9minin et le masculin sacr\u00e9 - Le coeur du couple","isPartOf":{"@id":"https:\/\/lecoeurducouple.fr\/#website"},"primaryImageOfPage":{"@id":"https:\/\/lecoeurducouple.fr\/index.php\/2023\/01\/16\/le-feminin-et-le-masculin-sacre\/#primaryimage"},"image":{"@id":"https:\/\/lecoeurducouple.fr\/index.php\/2023\/01\/16\/le-feminin-et-le-masculin-sacre\/#primaryimage"},"thumbnailUrl":"https:\/\/lecoeurducouple.fr\/wp-content\/uploads\/2023\/01\/pexels-vlada-karpovich-8940491-scaled.jpg","datePublished":"2023-01-16T10:19:59+00:00","dateModified":"2023-02-27T13:58:18+00:00","description":"Le f\u00e9minin et le masculin sacr\u00e9 - Un article du site au coeur du couple sp\u00e9cialiste de la relation de couple, th\u00e9rapie et stage","breadcrumb":{"@id":"https:\/\/lecoeurducouple.fr\/index.php\/2023\/01\/16\/le-feminin-et-le-masculin-sacre\/#breadcrumb"},"inLanguage":"fr-FR","potentialAction":[{"@type":"ReadAction","target":["https:\/\/lecoeurducouple.fr\/index.php\/2023\/01\/16\/le-feminin-et-le-masculin-sacre\/"]}]},{"@type":"ImageObject","inLanguage":"fr-FR","@id":"https:\/\/lecoeurducouple.fr\/index.php\/2023\/01\/16\/le-feminin-et-le-masculin-sacre\/#primaryimage","url":"https:\/\/lecoeurducouple.fr\/wp-content\/uploads\/2023\/01\/pexels-vlada-karpovich-8940491-scaled.jpg","contentUrl":"https:\/\/lecoeurducouple.fr\/wp-content\/uploads\/2023\/01\/pexels-vlada-karpovich-8940491-scaled.jpg","width":2560,"height":1707},{"@type":"BreadcrumbList","@id":"https:\/\/lecoeurducouple.fr\/index.php\/2023\/01\/16\/le-feminin-et-le-masculin-sacre\/#breadcrumb","itemListElement":[{"@type":"ListItem","position":1,"name":"Accueil","item":"https:\/\/lecoeurducouple.fr\/"},{"@type":"ListItem","position":2,"name":"Le f\u00e9minin et le masculin sacr\u00e9"}]},{"@type":"WebSite","@id":"https:\/\/lecoeurducouple.fr\/#website","url":"https:\/\/lecoeurducouple.fr\/","name":"Le coeur du couple","description":"","publisher":{"@id":"https:\/\/lecoeurducouple.fr\/#organization"},"potentialAction":[{"@type":"SearchAction","target":{"@type":"EntryPoint","urlTemplate":"https:\/\/lecoeurducouple.fr\/?s={search_term_string}"},"query-input":{"@type":"PropertyValueSpecification","valueRequired":true,"valueName":"search_term_string"}}],"inLanguage":"fr-FR"},{"@type":"Organization","@id":"https:\/\/lecoeurducouple.fr\/#organization","name":"Le coeur du couple","url":"https:\/\/lecoeurducouple.fr\/","logo":{"@type":"ImageObject","inLanguage":"fr-FR","@id":"https:\/\/lecoeurducouple.fr\/#\/schema\/logo\/image\/","url":"https:\/\/lecoeurducouple.fr\/wp-content\/uploads\/2023\/01\/Fichier-2.png","contentUrl":"https:\/\/lecoeurducouple.fr\/wp-content\/uploads\/2023\/01\/Fichier-2.png","width":1055,"height":1298,"caption":"Le coeur du couple"},"image":{"@id":"https:\/\/lecoeurducouple.fr\/#\/schema\/logo\/image\/"}},{"@type":"Person","@id":"https:\/\/lecoeurducouple.fr\/#\/schema\/person\/5010b56ea5f94836f1b20cafb146b3c0","name":"sandrinechristophe86","image":{"@type":"ImageObject","inLanguage":"fr-FR","@id":"https:\/\/secure.gravatar.com\/avatar\/f7327717a97962df51e65e0260f40df2e449f98981896357cf0d37920d8bc4ce?s=96&d=mm&r=g","url":"https:\/\/secure.gravatar.com\/avatar\/f7327717a97962df51e65e0260f40df2e449f98981896357cf0d37920d8bc4ce?s=96&d=mm&r=g","contentUrl":"https:\/\/secure.gravatar.com\/avatar\/f7327717a97962df51e65e0260f40df2e449f98981896357cf0d37920d8bc4ce?s=96&d=mm&r=g","caption":"sandrinechristophe86"},"sameAs":["https:\/\/lecoeurducouple.fr"],"url":"https:\/\/lecoeurducouple.fr\/index.php\/author\/sabinechristophe86\/"}]}},"_links":{"self":[{"href":"https:\/\/lecoeurducouple.fr\/index.php\/wp-json\/wp\/v2\/posts\/368","targetHints":{"allow":["GET"]}}],"collection":[{"href":"https:\/\/lecoeurducouple.fr\/index.php\/wp-json\/wp\/v2\/posts"}],"about":[{"href":"https:\/\/lecoeurducouple.fr\/index.php\/wp-json\/wp\/v2\/types\/post"}],"author":[{"embeddable":true,"href":"https:\/\/lecoeurducouple.fr\/index.php\/wp-json\/wp\/v2\/users\/1"}],"replies":[{"embeddable":true,"href":"https:\/\/lecoeurducouple.fr\/index.php\/wp-json\/wp\/v2\/comments?post=368"}],"version-history":[{"count":0,"href":"https:\/\/lecoeurducouple.fr\/index.php\/wp-json\/wp\/v2\/posts\/368\/revisions"}],"wp:featuredmedia":[{"embeddable":true,"href":"https:\/\/lecoeurducouple.fr\/index.php\/wp-json\/wp\/v2\/media\/321"}],"wp:attachment":[{"href":"https:\/\/lecoeurducouple.fr\/index.php\/wp-json\/wp\/v2\/media?parent=368"}],"wp:term":[{"taxonomy":"category","embeddable":true,"href":"https:\/\/lecoeurducouple.fr\/index.php\/wp-json\/wp\/v2\/categories?post=368"},{"taxonomy":"post_tag","embeddable":true,"href":"https:\/\/lecoeurducouple.fr\/index.php\/wp-json\/wp\/v2\/tags?post=368"}],"curies":[{"name":"wp","href":"https:\/\/api.w.org\/{rel}","templated":true}]}}